{"id":1123,"date":"2024-01-22T22:56:27","date_gmt":"2024-01-22T19:56:27","guid":{"rendered":"https:\/\/www.evdentasarim.net\/blog\/?p=1123"},"modified":"2024-01-22T22:56:27","modified_gmt":"2024-01-22T19:56:27","slug":"duyarli-responsive-logo-tasarimi-nedir","status":"publish","type":"post","link":"https:\/\/www.evdentasarim.net\/blog\/duyarli-responsive-logo-tasarimi-nedir\/","title":{"rendered":"Duyarl\u0131 ( Responsive ) Logo Tasar\u0131m\u0131 Nedir?"},"content":{"rendered":"<p>G\u00fcn\u00fcm\u00fczde dijital d\u00fcnyan\u0131n h\u0131zla evrim ge\u00e7irerek geli\u015fimiyle birlikte markalar\u0131n \u00e7e\u015fitli platformlarda varl\u0131k g\u00f6stermesi \u00f6nemli bir rol alm\u0131\u015ft\u0131r. Mobil cihazlar\u0131n yayg\u0131n kullan\u0131m\u0131, farkl\u0131 ekran boyutlar\u0131 ve \u00e7\u00f6z\u00fcn\u00fcrl\u00fckleri, marka tasar\u0131mlar\u0131n\u0131n esnek olmas\u0131n\u0131 beraberinde getirmektedir. Bu noktada &#8221; Duyarl\u0131 ( Responsive ) Logo Tasar\u0131m\u0131&#8221; kavram\u0131 ortaya \u00e7\u0131kar.<\/p>\n<p>Duyarl\u0131 logo tasar\u0131m\u0131 bir markan\u0131n logosunun farkl\u0131 ekran boyutlar\u0131 ve cihazlara uyumlu olacak \u015fekilde tasarlanmas\u0131 anlam\u0131na gelir. Geleneksel bir logo tasar\u0131m\u0131 genellikle belirli bir boyut ve oranla olu\u015fturulur ve geni\u015f bir yelpazede kullan\u0131ma uygun olmayabilir. Ancak responsive logo tasar\u0131m\u0131 mobil telefonlardan tablet bilgisayarlara, diz\u00fcst\u00fc bilgisayarlardan b\u00fcy\u00fck ekranl\u0131 televizyonlara kadar her t\u00fcrl\u00fc cihazda etkili bir \u015fekilde g\u00f6r\u00fcnebilme yetene\u011fini ifade eder.<\/p>\n<p><img loading=\"lazy\" decoding=\"async\" class=\"alignnone size-full wp-image-1125\" src=\"https:\/\/www.evdentasarim.net\/blog\/wp-content\/uploads\/2024\/01\/duyarli-responsive-logo-tasarimi-nedir2.webp\" alt=\"duyarli responsive logo tasarimi nedir2\" width=\"860\" height=\"225\" srcset=\"https:\/\/www.evdentasarim.net\/blog\/wp-content\/uploads\/2024\/01\/duyarli-responsive-logo-tasarimi-nedir2.webp 860w, https:\/\/www.evdentasarim.net\/blog\/wp-content\/uploads\/2024\/01\/duyarli-responsive-logo-tasarimi-nedir2-300x78.webp 300w, https:\/\/www.evdentasarim.net\/blog\/wp-content\/uploads\/2024\/01\/duyarli-responsive-logo-tasarimi-nedir2-768x201.webp 768w, https:\/\/www.evdentasarim.net\/blog\/wp-content\/uploads\/2024\/01\/duyarli-responsive-logo-tasarimi-nedir2-396x104.webp 396w, https:\/\/www.evdentasarim.net\/blog\/wp-content\/uploads\/2024\/01\/duyarli-responsive-logo-tasarimi-nedir2-518x136.webp 518w\" sizes=\"auto, (max-width: 860px) 100vw, 860px\" \/><\/p>\n<h2>Duyarl\u0131 ( Responsive ) Logo Tasar\u0131m\u0131n\u0131n \u00d6nemi<\/h2>\n<h3>Mobil Kullan\u0131m Art\u0131\u015f\u0131:<\/h3>\n<p>Mobil cihazlar\u0131n kullan\u0131m\u0131n\u0131n artmas\u0131yla birlikte, kullan\u0131c\u0131lar genellikle marka i\u00e7eriklerine mobil cihazlar \u00fczerinden eri\u015firler. Responsive logo tasar\u0131m\u0131, markan\u0131n mobil platformlarda da etkili bir \u015fekilde temsil edilmesini sa\u011flar.<\/p>\n<h3>\u00c7e\u015fitli Ekran Boyutlar\u0131na Uyum:<\/h3>\n<p>Farkl\u0131 cihazlarda kullan\u0131lan ekran boyutlar\u0131 ve \u00e7\u00f6z\u00fcn\u00fcrl\u00fckler, logo tasar\u0131m\u0131n\u0131n esnek olmas\u0131n\u0131 gerektirir. Responsive logo tasar\u0131m\u0131, markan\u0131n farkl\u0131 ekranlarda her zaman net ve tan\u0131nabilir olmas\u0131n\u0131 sa\u011flar.<\/p>\n<h3>Profesyonellik ve G\u00fcven:<\/h3>\n<p>Markan\u0131z\u0131n logo tasar\u0131m\u0131, marka kimli\u011finizin \u00f6nemli bir par\u00e7as\u0131d\u0131r. Herhangi bir platformda profesyonel ve g\u00fcven veren bir izlenim b\u0131rakmak i\u00e7in responsive logo tasar\u0131m\u0131 kullanmak \u00f6nemlidir.<\/p>\n<h3>SEO Performans\u0131:<\/h3>\n<p>Arama motoru optimizasyonu (SEO) a\u00e7\u0131s\u0131ndan, mobil uyumlu ve kullan\u0131c\u0131 dostu tasar\u0131ma sahip olan siteler daha iyi s\u0131ralama elde edebilir. Bu nedenle, responsive logo tasar\u0131m\u0131, genel SEO performans\u0131n\u0131z\u0131 olumlu y\u00f6nde etkileyebilir.<\/p>\n<h2>Duyarl\u0131 ( Responsive ) Logo Tasar\u0131m\u0131 Nas\u0131l Yap\u0131l\u0131r?<\/h2>\n<h3>Vekt\u00f6rel Tasar\u0131m Kullan\u0131m\u0131:<\/h3>\n<p>Logonun vekt\u00f6rel olarak tasarlanmas\u0131, farkl\u0131 boyutlarda rahat\u00e7a \u00f6l\u00e7eklendirilebilmesini sa\u011flar.<\/p>\n<h3>Basit ve Tan\u0131nabilir Elementler:<\/h3>\n<p>Logoda kullan\u0131lan elemanlar\u0131n basit ve kolayca tan\u0131nabilir olmas\u0131, farkl\u0131 boyutlarda da etkili olmas\u0131n\u0131 sa\u011flar.<\/p>\n<h3>Tek Renk Se\u00e7imi:<\/h3>\n<p>Farkl\u0131 arka plan renklerine kar\u015f\u0131 kontrast olu\u015fturabilecek tek renk se\u00e7imi, logonun her t\u00fcrl\u00fc zeminde belirgin olmas\u0131na yard\u0131mc\u0131 olur.<\/p>\n<h3>Adaptif Tasar\u0131m Yakla\u015f\u0131m\u0131:<\/h3>\n<p>Logonun farkl\u0131 ekran boyutlar\u0131na uyum sa\u011flamas\u0131 i\u00e7in adaptif tasar\u0131m prensipleri kullan\u0131lmal\u0131d\u0131r.<\/p>\n","protected":false},"excerpt":{"rendered":"<p>G\u00fcn\u00fcm\u00fczde dijital d\u00fcnyan\u0131n h\u0131zla evrim ge\u00e7irerek geli\u015fimiyle birlikte markalar\u0131n \u00e7e\u015fitli platformlarda varl\u0131k g\u00f6stermesi \u00f6nemli bir rol alm\u0131\u015ft\u0131r. Mobil cihazlar\u0131n yayg\u0131n kullan\u0131m\u0131, farkl\u0131 ekran boyutlar\u0131 ve \u00e7\u00f6z\u00fcn\u00fcrl\u00fckleri, marka tasar\u0131mlar\u0131n\u0131n esnek olmas\u0131n\u0131 beraberinde getirmektedir. Bu noktada &#8221; Duyarl\u0131 ( Responsive ) Logo Tasar\u0131m\u0131&#8221; kavram\u0131 ortaya \u00e7\u0131kar. Duyarl\u0131 logo tasar\u0131m\u0131 bir markan\u0131n logosunun farkl\u0131 ekran boyutlar\u0131 ve cihazlara&#8230; <i class=\"fas fa-long-arrow-alt-right\"><\/i><\/p>\n","protected":false},"author":1,"featured_media":1124,"comment_status":"open","ping_status":"open","sticky":false,"template":"","format":"standard","meta":{"footnotes":""},"categories":[4],"tags":[],"class_list":["post-1123","post","type-post","status-publish","format-standard","has-post-thumbnail","hentry","category-grafik-tasarim"],"yoast_head":"<!-- This site is optimized with the Yoast SEO plugin v27.5 - https:\/\/yoast.com\/product\/yoast-seo-wordpress\/ -->\n<title>Duyarl\u0131 ( Responsive ) Logo Tasar\u0131m\u0131 Nedir? | Grafik &amp; Web Tasar\u0131m Blog<\/title>\n<meta name=\"description\" content=\"Duyarl\u0131 ( responsvie ) logo tasar\u0131m\u0131n\u0131n ne anlama geldi\u011fi, sa\u011flad\u0131\u011f\u0131 \u00f6nemi ve nas\u0131l yap\u0131ld\u0131\u011f\u0131 hakk\u0131nda bilgiler i\u00e7ermektedir.\" \/>\n<meta name=\"robots\" content=\"index, follow, max-snippet:-1, max-image-preview:large, max-video-preview:-1\" \/>\n<link rel=\"canonical\" href=\"https:\/\/www.evdentasarim.net\/blog\/duyarli-responsive-logo-tasarimi-nedir\/\" \/>\n<meta property=\"og:locale\" content=\"tr_TR\" \/>\n<meta property=\"og:type\" content=\"article\" \/>\n<meta property=\"og:title\" content=\"Duyarl\u0131 ( Responsive ) Logo Tasar\u0131m\u0131 Nedir? | Grafik &amp; Web Tasar\u0131m Blog\" \/>\n<meta property=\"og:description\" content=\"Duyarl\u0131 ( responsvie ) logo tasar\u0131m\u0131n\u0131n ne anlama geldi\u011fi, sa\u011flad\u0131\u011f\u0131 \u00f6nemi ve nas\u0131l yap\u0131ld\u0131\u011f\u0131 hakk\u0131nda bilgiler i\u00e7ermektedir.\" \/>\n<meta property=\"og:url\" content=\"https:\/\/www.evdentasarim.net\/blog\/duyarli-responsive-logo-tasarimi-nedir\/\" \/>\n<meta property=\"og:site_name\" content=\"Grafik &amp; Web Tasar\u0131m Blog\" \/>\n<meta property=\"article:published_time\" content=\"2024-01-22T19:56:27+00:00\" \/>\n<meta property=\"og:image\" content=\"https:\/\/www.evdentasarim.net\/blog\/wp-content\/uploads\/2024\/01\/duyarli-responsive-logo-tasarimi-nedir.webp\" \/>\n\t<meta property=\"og:image:width\" content=\"860\" \/>\n\t<meta property=\"og:image:height\" content=\"550\" \/>\n\t<meta property=\"og:image:type\" content=\"image\/webp\" \/>\n<meta name=\"author\" content=\"Yunus H. Parlar\" \/>\n<meta name=\"twitter:card\" content=\"summary_large_image\" \/>\n<meta name=\"twitter:label1\" content=\"Yazan:\" \/>\n\t<meta name=\"twitter:data1\" content=\"Yunus H. Parlar\" \/>\n\t<meta name=\"twitter:label2\" content=\"Tahmini okuma s\u00fcresi\" \/>\n\t<meta name=\"twitter:data2\" content=\"2 dakika\" \/>\n<script type=\"application\/ld+json\" class=\"yoast-schema-graph\">{\"@context\":\"https:\\\/\\\/schema.org\",\"@graph\":[{\"@type\":\"Article\",\"@id\":\"https:\\\/\\\/www.evdentasarim.net\\\/blog\\\/duyarli-responsive-logo-tasarimi-nedir\\\/#article\",\"isPartOf\":{\"@id\":\"https:\\\/\\\/www.evdentasarim.net\\\/blog\\\/duyarli-responsive-logo-tasarimi-nedir\\\/\"},\"author\":{\"name\":\"Yunus H. Parlar\",\"@id\":\"https:\\\/\\\/www.evdentasarim.net\\\/blog\\\/#\\\/schema\\\/person\\\/bff08a4374744b02fb528b08a9b0bb2e\"},\"headline\":\"Duyarl\u0131 ( Responsive ) Logo Tasar\u0131m\u0131 Nedir?\",\"datePublished\":\"2024-01-22T19:56:27+00:00\",\"mainEntityOfPage\":{\"@id\":\"https:\\\/\\\/www.evdentasarim.net\\\/blog\\\/duyarli-responsive-logo-tasarimi-nedir\\\/\"},\"wordCount\":422,\"commentCount\":0,\"publisher\":{\"@id\":\"https:\\\/\\\/www.evdentasarim.net\\\/blog\\\/#organization\"},\"image\":{\"@id\":\"https:\\\/\\\/www.evdentasarim.net\\\/blog\\\/duyarli-responsive-logo-tasarimi-nedir\\\/#primaryimage\"},\"thumbnailUrl\":\"https:\\\/\\\/www.evdentasarim.net\\\/blog\\\/wp-content\\\/uploads\\\/2024\\\/01\\\/duyarli-responsive-logo-tasarimi-nedir.webp\",\"articleSection\":[\"Grafik Tasar\u0131m\"],\"inLanguage\":\"tr\",\"potentialAction\":[{\"@type\":\"CommentAction\",\"name\":\"Comment\",\"target\":[\"https:\\\/\\\/www.evdentasarim.net\\\/blog\\\/duyarli-responsive-logo-tasarimi-nedir\\\/#respond\"]}]},{\"@type\":\"WebPage\",\"@id\":\"https:\\\/\\\/www.evdentasarim.net\\\/blog\\\/duyarli-responsive-logo-tasarimi-nedir\\\/\",\"url\":\"https:\\\/\\\/www.evdentasarim.net\\\/blog\\\/duyarli-responsive-logo-tasarimi-nedir\\\/\",\"name\":\"Duyarl\u0131 ( Responsive ) Logo Tasar\u0131m\u0131 Nedir? | Grafik &amp; Web Tasar\u0131m Blog\",\"isPartOf\":{\"@id\":\"https:\\\/\\\/www.evdentasarim.net\\\/blog\\\/#website\"},\"primaryImageOfPage\":{\"@id\":\"https:\\\/\\\/www.evdentasarim.net\\\/blog\\\/duyarli-responsive-logo-tasarimi-nedir\\\/#primaryimage\"},\"image\":{\"@id\":\"https:\\\/\\\/www.evdentasarim.net\\\/blog\\\/duyarli-responsive-logo-tasarimi-nedir\\\/#primaryimage\"},\"thumbnailUrl\":\"https:\\\/\\\/www.evdentasarim.net\\\/blog\\\/wp-content\\\/uploads\\\/2024\\\/01\\\/duyarli-responsive-logo-tasarimi-nedir.webp\",\"datePublished\":\"2024-01-22T19:56:27+00:00\",\"description\":\"Duyarl\u0131 ( responsvie ) logo tasar\u0131m\u0131n\u0131n ne anlama geldi\u011fi, sa\u011flad\u0131\u011f\u0131 \u00f6nemi ve nas\u0131l yap\u0131ld\u0131\u011f\u0131 hakk\u0131nda bilgiler i\u00e7ermektedir.\",\"breadcrumb\":{\"@id\":\"https:\\\/\\\/www.evdentasarim.net\\\/blog\\\/duyarli-responsive-logo-tasarimi-nedir\\\/#breadcrumb\"},\"inLanguage\":\"tr\",\"potentialAction\":[{\"@type\":\"ReadAction\",\"target\":[\"https:\\\/\\\/www.evdentasarim.net\\\/blog\\\/duyarli-responsive-logo-tasarimi-nedir\\\/\"]}]},{\"@type\":\"ImageObject\",\"inLanguage\":\"tr\",\"@id\":\"https:\\\/\\\/www.evdentasarim.net\\\/blog\\\/duyarli-responsive-logo-tasarimi-nedir\\\/#primaryimage\",\"url\":\"https:\\\/\\\/www.evdentasarim.net\\\/blog\\\/wp-content\\\/uploads\\\/2024\\\/01\\\/duyarli-responsive-logo-tasarimi-nedir.webp\",\"contentUrl\":\"https:\\\/\\\/www.evdentasarim.net\\\/blog\\\/wp-content\\\/uploads\\\/2024\\\/01\\\/duyarli-responsive-logo-tasarimi-nedir.webp\",\"width\":860,\"height\":550,\"caption\":\"Duyarl\u0131 ( Responsive ) Logo Tasar\u0131m\u0131 Nedir?\"},{\"@type\":\"BreadcrumbList\",\"@id\":\"https:\\\/\\\/www.evdentasarim.net\\\/blog\\\/duyarli-responsive-logo-tasarimi-nedir\\\/#breadcrumb\",\"itemListElement\":[{\"@type\":\"ListItem\",\"position\":1,\"name\":\"Anasayfa\",\"item\":\"https:\\\/\\\/www.evdentasarim.net\\\/blog\\\/\"},{\"@type\":\"ListItem\",\"position\":2,\"name\":\"Duyarl\u0131 ( Responsive ) Logo Tasar\u0131m\u0131 Nedir?\"}]},{\"@type\":\"WebSite\",\"@id\":\"https:\\\/\\\/www.evdentasarim.net\\\/blog\\\/#website\",\"url\":\"https:\\\/\\\/www.evdentasarim.net\\\/blog\\\/\",\"name\":\"Grafik &amp; Web Tasar\u0131m Blog\",\"description\":\"\",\"publisher\":{\"@id\":\"https:\\\/\\\/www.evdentasarim.net\\\/blog\\\/#organization\"},\"potentialAction\":[{\"@type\":\"SearchAction\",\"target\":{\"@type\":\"EntryPoint\",\"urlTemplate\":\"https:\\\/\\\/www.evdentasarim.net\\\/blog\\\/?s={search_term_string}\"},\"query-input\":{\"@type\":\"PropertyValueSpecification\",\"valueRequired\":true,\"valueName\":\"search_term_string\"}}],\"inLanguage\":\"tr\"},{\"@type\":\"Organization\",\"@id\":\"https:\\\/\\\/www.evdentasarim.net\\\/blog\\\/#organization\",\"name\":\"Evden Freelance Grafik \\\/ Web Tasar\u0131m\",\"url\":\"https:\\\/\\\/www.evdentasarim.net\\\/blog\\\/\",\"logo\":{\"@type\":\"ImageObject\",\"inLanguage\":\"tr\",\"@id\":\"https:\\\/\\\/www.evdentasarim.net\\\/blog\\\/#\\\/schema\\\/logo\\\/image\\\/\",\"url\":\"https:\\\/\\\/www.evdentasarim.net\\\/blog\\\/wp-content\\\/uploads\\\/2022\\\/01\\\/evden-logo.png\",\"contentUrl\":\"https:\\\/\\\/www.evdentasarim.net\\\/blog\\\/wp-content\\\/uploads\\\/2022\\\/01\\\/evden-logo.png\",\"width\":550,\"height\":550,\"caption\":\"Evden Freelance Grafik \\\/ Web Tasar\u0131m\"},\"image\":{\"@id\":\"https:\\\/\\\/www.evdentasarim.net\\\/blog\\\/#\\\/schema\\\/logo\\\/image\\\/\"}},{\"@type\":\"Person\",\"@id\":\"https:\\\/\\\/www.evdentasarim.net\\\/blog\\\/#\\\/schema\\\/person\\\/bff08a4374744b02fb528b08a9b0bb2e\",\"name\":\"Yunus H. Parlar\",\"image\":{\"@type\":\"ImageObject\",\"inLanguage\":\"tr\",\"@id\":\"https:\\\/\\\/secure.gravatar.com\\\/avatar\\\/1a41a91e3a7cd353c1d194863bb0d42038c94cc591d33787719ad45e902ba4dc?s=96&d=mm&r=g\",\"url\":\"https:\\\/\\\/secure.gravatar.com\\\/avatar\\\/1a41a91e3a7cd353c1d194863bb0d42038c94cc591d33787719ad45e902ba4dc?s=96&d=mm&r=g\",\"contentUrl\":\"https:\\\/\\\/secure.gravatar.com\\\/avatar\\\/1a41a91e3a7cd353c1d194863bb0d42038c94cc591d33787719ad45e902ba4dc?s=96&d=mm&r=g\",\"caption\":\"Yunus H. Parlar\"},\"sameAs\":[\"https:\\\/\\\/www.evdentasarim.net\\\/blog\"],\"url\":\"https:\\\/\\\/www.evdentasarim.net\\\/blog\\\/author\\\/admin\\\/\"}]}<\/script>\n<!-- \/ Yoast SEO plugin. -->","yoast_head_json":{"title":"Duyarl\u0131 ( Responsive ) Logo Tasar\u0131m\u0131 Nedir? | Grafik &amp; Web Tasar\u0131m Blog","description":"Duyarl\u0131 ( responsvie ) logo tasar\u0131m\u0131n\u0131n ne anlama geldi\u011fi, sa\u011flad\u0131\u011f\u0131 \u00f6nemi ve nas\u0131l yap\u0131ld\u0131\u011f\u0131 hakk\u0131nda bilgiler i\u00e7ermektedir.","robots":{"index":"index","follow":"follow","max-snippet":"max-snippet:-1","max-image-preview":"max-image-preview:large","max-video-preview":"max-video-preview:-1"},"canonical":"https:\/\/www.evdentasarim.net\/blog\/duyarli-responsive-logo-tasarimi-nedir\/","og_locale":"tr_TR","og_type":"article","og_title":"Duyarl\u0131 ( Responsive ) Logo Tasar\u0131m\u0131 Nedir? | Grafik &amp; Web Tasar\u0131m Blog","og_description":"Duyarl\u0131 ( responsvie ) logo tasar\u0131m\u0131n\u0131n ne anlama geldi\u011fi, sa\u011flad\u0131\u011f\u0131 \u00f6nemi ve nas\u0131l yap\u0131ld\u0131\u011f\u0131 hakk\u0131nda bilgiler i\u00e7ermektedir.","og_url":"https:\/\/www.evdentasarim.net\/blog\/duyarli-responsive-logo-tasarimi-nedir\/","og_site_name":"Grafik &amp; Web Tasar\u0131m Blog","article_published_time":"2024-01-22T19:56:27+00:00","og_image":[{"width":860,"height":550,"url":"https:\/\/www.evdentasarim.net\/blog\/wp-content\/uploads\/2024\/01\/duyarli-responsive-logo-tasarimi-nedir.webp","type":"image\/webp"}],"author":"Yunus H. Parlar","twitter_card":"summary_large_image","twitter_misc":{"Yazan:":"Yunus H. Parlar","Tahmini okuma s\u00fcresi":"2 dakika"},"schema":{"@context":"https:\/\/schema.org","@graph":[{"@type":"Article","@id":"https:\/\/www.evdentasarim.net\/blog\/duyarli-responsive-logo-tasarimi-nedir\/#article","isPartOf":{"@id":"https:\/\/www.evdentasarim.net\/blog\/duyarli-responsive-logo-tasarimi-nedir\/"},"author":{"name":"Yunus H. Parlar","@id":"https:\/\/www.evdentasarim.net\/blog\/#\/schema\/person\/bff08a4374744b02fb528b08a9b0bb2e"},"headline":"Duyarl\u0131 ( Responsive ) Logo Tasar\u0131m\u0131 Nedir?","datePublished":"2024-01-22T19:56:27+00:00","mainEntityOfPage":{"@id":"https:\/\/www.evdentasarim.net\/blog\/duyarli-responsive-logo-tasarimi-nedir\/"},"wordCount":422,"commentCount":0,"publisher":{"@id":"https:\/\/www.evdentasarim.net\/blog\/#organization"},"image":{"@id":"https:\/\/www.evdentasarim.net\/blog\/duyarli-responsive-logo-tasarimi-nedir\/#primaryimage"},"thumbnailUrl":"https:\/\/www.evdentasarim.net\/blog\/wp-content\/uploads\/2024\/01\/duyarli-responsive-logo-tasarimi-nedir.webp","articleSection":["Grafik Tasar\u0131m"],"inLanguage":"tr","potentialAction":[{"@type":"CommentAction","name":"Comment","target":["https:\/\/www.evdentasarim.net\/blog\/duyarli-responsive-logo-tasarimi-nedir\/#respond"]}]},{"@type":"WebPage","@id":"https:\/\/www.evdentasarim.net\/blog\/duyarli-responsive-logo-tasarimi-nedir\/","url":"https:\/\/www.evdentasarim.net\/blog\/duyarli-responsive-logo-tasarimi-nedir\/","name":"Duyarl\u0131 ( Responsive ) Logo Tasar\u0131m\u0131 Nedir? | Grafik &amp; Web Tasar\u0131m Blog","isPartOf":{"@id":"https:\/\/www.evdentasarim.net\/blog\/#website"},"primaryImageOfPage":{"@id":"https:\/\/www.evdentasarim.net\/blog\/duyarli-responsive-logo-tasarimi-nedir\/#primaryimage"},"image":{"@id":"https:\/\/www.evdentasarim.net\/blog\/duyarli-responsive-logo-tasarimi-nedir\/#primaryimage"},"thumbnailUrl":"https:\/\/www.evdentasarim.net\/blog\/wp-content\/uploads\/2024\/01\/duyarli-responsive-logo-tasarimi-nedir.webp","datePublished":"2024-01-22T19:56:27+00:00","description":"Duyarl\u0131 ( responsvie ) logo tasar\u0131m\u0131n\u0131n ne anlama geldi\u011fi, sa\u011flad\u0131\u011f\u0131 \u00f6nemi ve nas\u0131l yap\u0131ld\u0131\u011f\u0131 hakk\u0131nda bilgiler i\u00e7ermektedir.","breadcrumb":{"@id":"https:\/\/www.evdentasarim.net\/blog\/duyarli-responsive-logo-tasarimi-nedir\/#breadcrumb"},"inLanguage":"tr","potentialAction":[{"@type":"ReadAction","target":["https:\/\/www.evdentasarim.net\/blog\/duyarli-responsive-logo-tasarimi-nedir\/"]}]},{"@type":"ImageObject","inLanguage":"tr","@id":"https:\/\/www.evdentasarim.net\/blog\/duyarli-responsive-logo-tasarimi-nedir\/#primaryimage","url":"https:\/\/www.evdentasarim.net\/blog\/wp-content\/uploads\/2024\/01\/duyarli-responsive-logo-tasarimi-nedir.webp","contentUrl":"https:\/\/www.evdentasarim.net\/blog\/wp-content\/uploads\/2024\/01\/duyarli-responsive-logo-tasarimi-nedir.webp","width":860,"height":550,"caption":"Duyarl\u0131 ( Responsive ) Logo Tasar\u0131m\u0131 Nedir?"},{"@type":"BreadcrumbList","@id":"https:\/\/www.evdentasarim.net\/blog\/duyarli-responsive-logo-tasarimi-nedir\/#breadcrumb","itemListElement":[{"@type":"ListItem","position":1,"name":"Anasayfa","item":"https:\/\/www.evdentasarim.net\/blog\/"},{"@type":"ListItem","position":2,"name":"Duyarl\u0131 ( Responsive ) Logo Tasar\u0131m\u0131 Nedir?"}]},{"@type":"WebSite","@id":"https:\/\/www.evdentasarim.net\/blog\/#website","url":"https:\/\/www.evdentasarim.net\/blog\/","name":"Grafik &amp; Web Tasar\u0131m Blog","description":"","publisher":{"@id":"https:\/\/www.evdentasarim.net\/blog\/#organization"},"potentialAction":[{"@type":"SearchAction","target":{"@type":"EntryPoint","urlTemplate":"https:\/\/www.evdentasarim.net\/blog\/?s={search_term_string}"},"query-input":{"@type":"PropertyValueSpecification","valueRequired":true,"valueName":"search_term_string"}}],"inLanguage":"tr"},{"@type":"Organization","@id":"https:\/\/www.evdentasarim.net\/blog\/#organization","name":"Evden Freelance Grafik \/ Web Tasar\u0131m","url":"https:\/\/www.evdentasarim.net\/blog\/","logo":{"@type":"ImageObject","inLanguage":"tr","@id":"https:\/\/www.evdentasarim.net\/blog\/#\/schema\/logo\/image\/","url":"https:\/\/www.evdentasarim.net\/blog\/wp-content\/uploads\/2022\/01\/evden-logo.png","contentUrl":"https:\/\/www.evdentasarim.net\/blog\/wp-content\/uploads\/2022\/01\/evden-logo.png","width":550,"height":550,"caption":"Evden Freelance Grafik \/ Web Tasar\u0131m"},"image":{"@id":"https:\/\/www.evdentasarim.net\/blog\/#\/schema\/logo\/image\/"}},{"@type":"Person","@id":"https:\/\/www.evdentasarim.net\/blog\/#\/schema\/person\/bff08a4374744b02fb528b08a9b0bb2e","name":"Yunus H. Parlar","image":{"@type":"ImageObject","inLanguage":"tr","@id":"https:\/\/secure.gravatar.com\/avatar\/1a41a91e3a7cd353c1d194863bb0d42038c94cc591d33787719ad45e902ba4dc?s=96&d=mm&r=g","url":"https:\/\/secure.gravatar.com\/avatar\/1a41a91e3a7cd353c1d194863bb0d42038c94cc591d33787719ad45e902ba4dc?s=96&d=mm&r=g","contentUrl":"https:\/\/secure.gravatar.com\/avatar\/1a41a91e3a7cd353c1d194863bb0d42038c94cc591d33787719ad45e902ba4dc?s=96&d=mm&r=g","caption":"Yunus H. Parlar"},"sameAs":["https:\/\/www.evdentasarim.net\/blog"],"url":"https:\/\/www.evdentasarim.net\/blog\/author\/admin\/"}]}},"_links":{"self":[{"href":"https:\/\/www.evdentasarim.net\/blog\/wp-json\/wp\/v2\/posts\/1123","targetHints":{"allow":["GET"]}}],"collection":[{"href":"https:\/\/www.evdentasarim.net\/blog\/wp-json\/wp\/v2\/posts"}],"about":[{"href":"https:\/\/www.evdentasarim.net\/blog\/wp-json\/wp\/v2\/types\/post"}],"author":[{"embeddable":true,"href":"https:\/\/www.evdentasarim.net\/blog\/wp-json\/wp\/v2\/users\/1"}],"replies":[{"embeddable":true,"href":"https:\/\/www.evdentasarim.net\/blog\/wp-json\/wp\/v2\/comments?post=1123"}],"version-history":[{"count":1,"href":"https:\/\/www.evdentasarim.net\/blog\/wp-json\/wp\/v2\/posts\/1123\/revisions"}],"predecessor-version":[{"id":1126,"href":"https:\/\/www.evdentasarim.net\/blog\/wp-json\/wp\/v2\/posts\/1123\/revisions\/1126"}],"wp:featuredmedia":[{"embeddable":true,"href":"https:\/\/www.evdentasarim.net\/blog\/wp-json\/wp\/v2\/media\/1124"}],"wp:attachment":[{"href":"https:\/\/www.evdentasarim.net\/blog\/wp-json\/wp\/v2\/media?parent=1123"}],"wp:term":[{"taxonomy":"category","embeddable":true,"href":"https:\/\/www.evdentasarim.net\/blog\/wp-json\/wp\/v2\/categories?post=1123"},{"taxonomy":"post_tag","embeddable":true,"href":"https:\/\/www.evdentasarim.net\/blog\/wp-json\/wp\/v2\/tags?post=1123"}],"curies":[{"name":"wp","href":"https:\/\/api.w.org\/{rel}","templated":true}]}}