{"id":1069,"date":"2023-11-13T00:01:47","date_gmt":"2023-11-12T21:01:47","guid":{"rendered":"https:\/\/www.evdentasarim.net\/blog\/?p=1069"},"modified":"2023-11-13T00:03:47","modified_gmt":"2023-11-12T21:03:47","slug":"2024-vektorel-turkce-takvimler","status":"publish","type":"post","link":"https:\/\/www.evdentasarim.net\/blog\/2024-vektorel-turkce-takvimler\/","title":{"rendered":"2024 Vekt\u00f6rel T\u00fcrk\u00e7e Takvimler"},"content":{"rendered":"<p>2023 y\u0131l\u0131na veda etmenin yak\u0131n oldu\u011fu bu g\u00fcnlerde gerek dijital mecralarda gerekse bas\u0131l\u0131 i\u015flerde kullanmak i\u00e7in 2024 vekt\u00f6rel T\u00fcrk\u00e7e takvimi grafik tasr\u0131mc\u0131lar i\u00e7in gerekli bir materyal. Bu d\u00fc\u015f\u00fcnceyle ve T\u00fcrk\u00e7e 2024 vekt\u00f6rel formatta takvimin bulunmas\u0131n\u0131n da zor olmas\u0131 sebebiyle sizler i\u00e7in haz\u0131rlamay\u0131 ve indirilmesi i\u00e7in siteye eklemeyi uygun g\u00f6rd\u00fcm.<\/p>\n<p>Takvimleri T\u00fcrk\u00e7e olarak vekt\u00f6rel formatta (PDF) haz\u0131rlayarak, Adobe Illustrator ve Corel Draw gibi vekt\u00f6rel tabanl\u0131 programlarda kolayl\u0131kla a\u00e7\u0131p d\u00fczenleyebilece\u011finiz tarzda haz\u0131rlad\u0131m. A\u015fa\u011f\u0131da bulunan 3 ayr\u0131 vek\u00f6rel takvim tasar\u0131m\u0131n\u0131 g\u00f6rsellerin \u00fczerine t\u0131klayarak indirebilirsiniz.<\/p>\n<h2>Vekt\u00f6rel T\u00fcrk\u00e7e 2024 Takvimleri \u0130ndir<\/h2>\n<p><a href=\"https:\/\/www.evdentasarim.net\/blog\/wp-content\/uploads\/2023\/11\/2024_turkce_takvim_vektorel_1.pdf\"><img loading=\"lazy\" decoding=\"async\" class=\"alignnone size-full wp-image-1070\" src=\"https:\/\/www.evdentasarim.net\/blog\/wp-content\/uploads\/2023\/11\/vektorel-2024-takvimi-1.webp\" alt=\"vektorel 2024 takvimi 1\" width=\"1165\" height=\"1185\" srcset=\"https:\/\/www.evdentasarim.net\/blog\/wp-content\/uploads\/2023\/11\/vektorel-2024-takvimi-1.webp 1165w, https:\/\/www.evdentasarim.net\/blog\/wp-content\/uploads\/2023\/11\/vektorel-2024-takvimi-1-295x300.webp 295w, https:\/\/www.evdentasarim.net\/blog\/wp-content\/uploads\/2023\/11\/vektorel-2024-takvimi-1-1007x1024.webp 1007w, https:\/\/www.evdentasarim.net\/blog\/wp-content\/uploads\/2023\/11\/vektorel-2024-takvimi-1-768x781.webp 768w, https:\/\/www.evdentasarim.net\/blog\/wp-content\/uploads\/2023\/11\/vektorel-2024-takvimi-1-265x270.webp 265w, https:\/\/www.evdentasarim.net\/blog\/wp-content\/uploads\/2023\/11\/vektorel-2024-takvimi-1-334x340.webp 334w, https:\/\/www.evdentasarim.net\/blog\/wp-content\/uploads\/2023\/11\/vektorel-2024-takvimi-1-683x695.webp 683w\" sizes=\"auto, (max-width: 1165px) 100vw, 1165px\" \/><\/a><\/p>\n<p><a href=\"https:\/\/www.evdentasarim.net\/blog\/wp-content\/uploads\/2023\/11\/2024_turkce_takvim_vektorel_2.pdf\"><img loading=\"lazy\" decoding=\"async\" class=\"alignnone size-full wp-image-1072\" src=\"https:\/\/www.evdentasarim.net\/blog\/wp-content\/uploads\/2023\/11\/vektorel-2024-takvimi-2.webp\" alt=\"\" width=\"1165\" height=\"1521\" srcset=\"https:\/\/www.evdentasarim.net\/blog\/wp-content\/uploads\/2023\/11\/vektorel-2024-takvimi-2.webp 1165w, https:\/\/www.evdentasarim.net\/blog\/wp-content\/uploads\/2023\/11\/vektorel-2024-takvimi-2-230x300.webp 230w, https:\/\/www.evdentasarim.net\/blog\/wp-content\/uploads\/2023\/11\/vektorel-2024-takvimi-2-784x1024.webp 784w, https:\/\/www.evdentasarim.net\/blog\/wp-content\/uploads\/2023\/11\/vektorel-2024-takvimi-2-768x1003.webp 768w, https:\/\/www.evdentasarim.net\/blog\/wp-content\/uploads\/2023\/11\/vektorel-2024-takvimi-2-207x270.webp 207w, https:\/\/www.evdentasarim.net\/blog\/wp-content\/uploads\/2023\/11\/vektorel-2024-takvimi-2-260x340.webp 260w, https:\/\/www.evdentasarim.net\/blog\/wp-content\/uploads\/2023\/11\/vektorel-2024-takvimi-2-532x695.webp 532w\" sizes=\"auto, (max-width: 1165px) 100vw, 1165px\" \/><\/a><\/p>\n<p><a href=\"https:\/\/www.evdentasarim.net\/blog\/wp-content\/uploads\/2023\/11\/2024_turkce_takvim_vektorel_3.pdf\"><img loading=\"lazy\" decoding=\"async\" class=\"alignnone size-full wp-image-1075\" src=\"https:\/\/www.evdentasarim.net\/blog\/wp-content\/uploads\/2023\/11\/vektorel-2024-takvimi-3.webp\" alt=\"vektorel 2024 takvimi 3\" width=\"1165\" height=\"1558\" srcset=\"https:\/\/www.evdentasarim.net\/blog\/wp-content\/uploads\/2023\/11\/vektorel-2024-takvimi-3.webp 1165w, https:\/\/www.evdentasarim.net\/blog\/wp-content\/uploads\/2023\/11\/vektorel-2024-takvimi-3-224x300.webp 224w, https:\/\/www.evdentasarim.net\/blog\/wp-content\/uploads\/2023\/11\/vektorel-2024-takvimi-3-766x1024.webp 766w, https:\/\/www.evdentasarim.net\/blog\/wp-content\/uploads\/2023\/11\/vektorel-2024-takvimi-3-768x1027.webp 768w, https:\/\/www.evdentasarim.net\/blog\/wp-content\/uploads\/2023\/11\/vektorel-2024-takvimi-3-1149x1536.webp 1149w, https:\/\/www.evdentasarim.net\/blog\/wp-content\/uploads\/2023\/11\/vektorel-2024-takvimi-3-202x270.webp 202w, https:\/\/www.evdentasarim.net\/blog\/wp-content\/uploads\/2023\/11\/vektorel-2024-takvimi-3-254x340.webp 254w, https:\/\/www.evdentasarim.net\/blog\/wp-content\/uploads\/2023\/11\/vektorel-2024-takvimi-3-520x695.webp 520w\" sizes=\"auto, (max-width: 1165px) 100vw, 1165px\" \/><\/a><\/p>\n","protected":false},"excerpt":{"rendered":"<p>2023 y\u0131l\u0131na veda etmenin yak\u0131n oldu\u011fu bu g\u00fcnlerde gerek dijital mecralarda gerekse bas\u0131l\u0131 i\u015flerde kullanmak i\u00e7in 2024 vekt\u00f6rel T\u00fcrk\u00e7e takvimi grafik tasr\u0131mc\u0131lar i\u00e7in gerekli bir materyal. Bu d\u00fc\u015f\u00fcnceyle ve T\u00fcrk\u00e7e 2024 vekt\u00f6rel formatta takvimin bulunmas\u0131n\u0131n da zor olmas\u0131 sebebiyle sizler i\u00e7in haz\u0131rlamay\u0131 ve indirilmesi i\u00e7in siteye eklemeyi uygun g\u00f6rd\u00fcm. Takvimleri T\u00fcrk\u00e7e olarak vekt\u00f6rel formatta (PDF)&#8230; <i class=\"fas fa-long-arrow-alt-right\"><\/i><\/p>\n","protected":false},"author":1,"featured_media":1077,"comment_status":"open","ping_status":"open","sticky":false,"template":"","format":"standard","meta":{"footnotes":""},"categories":[4],"tags":[],"class_list":["post-1069","post","type-post","status-publish","format-standard","has-post-thumbnail","hentry","category-grafik-tasarim"],"yoast_head":"<!-- This site is optimized with the Yoast SEO plugin v27.5 - https:\/\/yoast.com\/product\/yoast-seo-wordpress\/ -->\n<title>2024 Vekt\u00f6rel T\u00fcrk\u00e7e Takvimler | Grafik &amp; Web Tasar\u0131m Blog<\/title>\n<meta name=\"description\" content=\"2024 y\u0131l\u0131na ait T\u00fcrk\u00e7e ve vekt\u00f6rel pdf format\u0131nda haz\u0131rlanan takvimleri tasar\u0131mlar\u0131n\u0131zda yer vermek i\u00e7in indirin ve kullan\u0131n.\" \/>\n<meta name=\"robots\" content=\"index, follow, max-snippet:-1, max-image-preview:large, max-video-preview:-1\" \/>\n<link rel=\"canonical\" href=\"https:\/\/www.evdentasarim.net\/blog\/2024-vektorel-turkce-takvimler\/\" \/>\n<meta property=\"og:locale\" content=\"tr_TR\" \/>\n<meta property=\"og:type\" content=\"article\" \/>\n<meta property=\"og:title\" content=\"2024 Vekt\u00f6rel T\u00fcrk\u00e7e Takvimler | Grafik &amp; Web Tasar\u0131m Blog\" \/>\n<meta property=\"og:description\" content=\"2024 y\u0131l\u0131na ait T\u00fcrk\u00e7e ve vekt\u00f6rel pdf format\u0131nda haz\u0131rlanan takvimleri tasar\u0131mlar\u0131n\u0131zda yer vermek i\u00e7in indirin ve kullan\u0131n.\" \/>\n<meta property=\"og:url\" content=\"https:\/\/www.evdentasarim.net\/blog\/2024-vektorel-turkce-takvimler\/\" \/>\n<meta property=\"og:site_name\" content=\"Grafik &amp; Web Tasar\u0131m Blog\" \/>\n<meta property=\"article:published_time\" content=\"2023-11-12T21:01:47+00:00\" \/>\n<meta property=\"article:modified_time\" content=\"2023-11-12T21:03:47+00:00\" \/>\n<meta property=\"og:image\" content=\"https:\/\/www.evdentasarim.net\/blog\/wp-content\/uploads\/2023\/11\/2024-vektorel-turkce-takvimler.webp\" \/>\n\t<meta property=\"og:image:width\" content=\"860\" \/>\n\t<meta property=\"og:image:height\" content=\"550\" \/>\n\t<meta property=\"og:image:type\" content=\"image\/webp\" \/>\n<meta name=\"author\" content=\"Yunus H. Parlar\" \/>\n<meta name=\"twitter:card\" content=\"summary_large_image\" \/>\n<meta name=\"twitter:label1\" content=\"Yazan:\" \/>\n\t<meta name=\"twitter:data1\" content=\"Yunus H. Parlar\" \/>\n\t<meta name=\"twitter:label2\" content=\"Tahmini okuma s\u00fcresi\" \/>\n\t<meta name=\"twitter:data2\" content=\"1 dakika\" \/>\n<script type=\"application\/ld+json\" class=\"yoast-schema-graph\">{\"@context\":\"https:\\\/\\\/schema.org\",\"@graph\":[{\"@type\":\"Article\",\"@id\":\"https:\\\/\\\/www.evdentasarim.net\\\/blog\\\/2024-vektorel-turkce-takvimler\\\/#article\",\"isPartOf\":{\"@id\":\"https:\\\/\\\/www.evdentasarim.net\\\/blog\\\/2024-vektorel-turkce-takvimler\\\/\"},\"author\":{\"name\":\"Yunus H. Parlar\",\"@id\":\"https:\\\/\\\/www.evdentasarim.net\\\/blog\\\/#\\\/schema\\\/person\\\/bff08a4374744b02fb528b08a9b0bb2e\"},\"headline\":\"2024 Vekt\u00f6rel T\u00fcrk\u00e7e Takvimler\",\"datePublished\":\"2023-11-12T21:01:47+00:00\",\"dateModified\":\"2023-11-12T21:03:47+00:00\",\"mainEntityOfPage\":{\"@id\":\"https:\\\/\\\/www.evdentasarim.net\\\/blog\\\/2024-vektorel-turkce-takvimler\\\/\"},\"wordCount\":133,\"commentCount\":0,\"publisher\":{\"@id\":\"https:\\\/\\\/www.evdentasarim.net\\\/blog\\\/#organization\"},\"image\":{\"@id\":\"https:\\\/\\\/www.evdentasarim.net\\\/blog\\\/2024-vektorel-turkce-takvimler\\\/#primaryimage\"},\"thumbnailUrl\":\"https:\\\/\\\/www.evdentasarim.net\\\/blog\\\/wp-content\\\/uploads\\\/2023\\\/11\\\/2024-vektorel-turkce-takvimler.webp\",\"articleSection\":[\"Grafik Tasar\u0131m\"],\"inLanguage\":\"tr\",\"potentialAction\":[{\"@type\":\"CommentAction\",\"name\":\"Comment\",\"target\":[\"https:\\\/\\\/www.evdentasarim.net\\\/blog\\\/2024-vektorel-turkce-takvimler\\\/#respond\"]}]},{\"@type\":\"WebPage\",\"@id\":\"https:\\\/\\\/www.evdentasarim.net\\\/blog\\\/2024-vektorel-turkce-takvimler\\\/\",\"url\":\"https:\\\/\\\/www.evdentasarim.net\\\/blog\\\/2024-vektorel-turkce-takvimler\\\/\",\"name\":\"2024 Vekt\u00f6rel T\u00fcrk\u00e7e Takvimler | Grafik &amp; Web Tasar\u0131m Blog\",\"isPartOf\":{\"@id\":\"https:\\\/\\\/www.evdentasarim.net\\\/blog\\\/#website\"},\"primaryImageOfPage\":{\"@id\":\"https:\\\/\\\/www.evdentasarim.net\\\/blog\\\/2024-vektorel-turkce-takvimler\\\/#primaryimage\"},\"image\":{\"@id\":\"https:\\\/\\\/www.evdentasarim.net\\\/blog\\\/2024-vektorel-turkce-takvimler\\\/#primaryimage\"},\"thumbnailUrl\":\"https:\\\/\\\/www.evdentasarim.net\\\/blog\\\/wp-content\\\/uploads\\\/2023\\\/11\\\/2024-vektorel-turkce-takvimler.webp\",\"datePublished\":\"2023-11-12T21:01:47+00:00\",\"dateModified\":\"2023-11-12T21:03:47+00:00\",\"description\":\"2024 y\u0131l\u0131na ait T\u00fcrk\u00e7e ve vekt\u00f6rel pdf format\u0131nda haz\u0131rlanan takvimleri tasar\u0131mlar\u0131n\u0131zda yer vermek i\u00e7in indirin ve kullan\u0131n.\",\"breadcrumb\":{\"@id\":\"https:\\\/\\\/www.evdentasarim.net\\\/blog\\\/2024-vektorel-turkce-takvimler\\\/#breadcrumb\"},\"inLanguage\":\"tr\",\"potentialAction\":[{\"@type\":\"ReadAction\",\"target\":[\"https:\\\/\\\/www.evdentasarim.net\\\/blog\\\/2024-vektorel-turkce-takvimler\\\/\"]}]},{\"@type\":\"ImageObject\",\"inLanguage\":\"tr\",\"@id\":\"https:\\\/\\\/www.evdentasarim.net\\\/blog\\\/2024-vektorel-turkce-takvimler\\\/#primaryimage\",\"url\":\"https:\\\/\\\/www.evdentasarim.net\\\/blog\\\/wp-content\\\/uploads\\\/2023\\\/11\\\/2024-vektorel-turkce-takvimler.webp\",\"contentUrl\":\"https:\\\/\\\/www.evdentasarim.net\\\/blog\\\/wp-content\\\/uploads\\\/2023\\\/11\\\/2024-vektorel-turkce-takvimler.webp\",\"width\":860,\"height\":550,\"caption\":\"2024 Vekt\u00f6rel T\u00fcrk\u00e7e Takvimler\"},{\"@type\":\"BreadcrumbList\",\"@id\":\"https:\\\/\\\/www.evdentasarim.net\\\/blog\\\/2024-vektorel-turkce-takvimler\\\/#breadcrumb\",\"itemListElement\":[{\"@type\":\"ListItem\",\"position\":1,\"name\":\"Anasayfa\",\"item\":\"https:\\\/\\\/www.evdentasarim.net\\\/blog\\\/\"},{\"@type\":\"ListItem\",\"position\":2,\"name\":\"2024 Vekt\u00f6rel T\u00fcrk\u00e7e Takvimler\"}]},{\"@type\":\"WebSite\",\"@id\":\"https:\\\/\\\/www.evdentasarim.net\\\/blog\\\/#website\",\"url\":\"https:\\\/\\\/www.evdentasarim.net\\\/blog\\\/\",\"name\":\"Grafik &amp; Web Tasar\u0131m Blog\",\"description\":\"\",\"publisher\":{\"@id\":\"https:\\\/\\\/www.evdentasarim.net\\\/blog\\\/#organization\"},\"potentialAction\":[{\"@type\":\"SearchAction\",\"target\":{\"@type\":\"EntryPoint\",\"urlTemplate\":\"https:\\\/\\\/www.evdentasarim.net\\\/blog\\\/?s={search_term_string}\"},\"query-input\":{\"@type\":\"PropertyValueSpecification\",\"valueRequired\":true,\"valueName\":\"search_term_string\"}}],\"inLanguage\":\"tr\"},{\"@type\":\"Organization\",\"@id\":\"https:\\\/\\\/www.evdentasarim.net\\\/blog\\\/#organization\",\"name\":\"Evden Freelance Grafik \\\/ Web Tasar\u0131m\",\"url\":\"https:\\\/\\\/www.evdentasarim.net\\\/blog\\\/\",\"logo\":{\"@type\":\"ImageObject\",\"inLanguage\":\"tr\",\"@id\":\"https:\\\/\\\/www.evdentasarim.net\\\/blog\\\/#\\\/schema\\\/logo\\\/image\\\/\",\"url\":\"https:\\\/\\\/www.evdentasarim.net\\\/blog\\\/wp-content\\\/uploads\\\/2022\\\/01\\\/evden-logo.png\",\"contentUrl\":\"https:\\\/\\\/www.evdentasarim.net\\\/blog\\\/wp-content\\\/uploads\\\/2022\\\/01\\\/evden-logo.png\",\"width\":550,\"height\":550,\"caption\":\"Evden Freelance Grafik \\\/ Web Tasar\u0131m\"},\"image\":{\"@id\":\"https:\\\/\\\/www.evdentasarim.net\\\/blog\\\/#\\\/schema\\\/logo\\\/image\\\/\"}},{\"@type\":\"Person\",\"@id\":\"https:\\\/\\\/www.evdentasarim.net\\\/blog\\\/#\\\/schema\\\/person\\\/bff08a4374744b02fb528b08a9b0bb2e\",\"name\":\"Yunus H. Parlar\",\"image\":{\"@type\":\"ImageObject\",\"inLanguage\":\"tr\",\"@id\":\"https:\\\/\\\/secure.gravatar.com\\\/avatar\\\/1a41a91e3a7cd353c1d194863bb0d42038c94cc591d33787719ad45e902ba4dc?s=96&d=mm&r=g\",\"url\":\"https:\\\/\\\/secure.gravatar.com\\\/avatar\\\/1a41a91e3a7cd353c1d194863bb0d42038c94cc591d33787719ad45e902ba4dc?s=96&d=mm&r=g\",\"contentUrl\":\"https:\\\/\\\/secure.gravatar.com\\\/avatar\\\/1a41a91e3a7cd353c1d194863bb0d42038c94cc591d33787719ad45e902ba4dc?s=96&d=mm&r=g\",\"caption\":\"Yunus H. Parlar\"},\"sameAs\":[\"https:\\\/\\\/www.evdentasarim.net\\\/blog\"],\"url\":\"https:\\\/\\\/www.evdentasarim.net\\\/blog\\\/author\\\/admin\\\/\"}]}<\/script>\n<!-- \/ Yoast SEO plugin. -->","yoast_head_json":{"title":"2024 Vekt\u00f6rel T\u00fcrk\u00e7e Takvimler | Grafik &amp; Web Tasar\u0131m Blog","description":"2024 y\u0131l\u0131na ait T\u00fcrk\u00e7e ve vekt\u00f6rel pdf format\u0131nda haz\u0131rlanan takvimleri tasar\u0131mlar\u0131n\u0131zda yer vermek i\u00e7in indirin ve kullan\u0131n.","robots":{"index":"index","follow":"follow","max-snippet":"max-snippet:-1","max-image-preview":"max-image-preview:large","max-video-preview":"max-video-preview:-1"},"canonical":"https:\/\/www.evdentasarim.net\/blog\/2024-vektorel-turkce-takvimler\/","og_locale":"tr_TR","og_type":"article","og_title":"2024 Vekt\u00f6rel T\u00fcrk\u00e7e Takvimler | Grafik &amp; Web Tasar\u0131m Blog","og_description":"2024 y\u0131l\u0131na ait T\u00fcrk\u00e7e ve vekt\u00f6rel pdf format\u0131nda haz\u0131rlanan takvimleri tasar\u0131mlar\u0131n\u0131zda yer vermek i\u00e7in indirin ve kullan\u0131n.","og_url":"https:\/\/www.evdentasarim.net\/blog\/2024-vektorel-turkce-takvimler\/","og_site_name":"Grafik &amp; Web Tasar\u0131m Blog","article_published_time":"2023-11-12T21:01:47+00:00","article_modified_time":"2023-11-12T21:03:47+00:00","og_image":[{"width":860,"height":550,"url":"https:\/\/www.evdentasarim.net\/blog\/wp-content\/uploads\/2023\/11\/2024-vektorel-turkce-takvimler.webp","type":"image\/webp"}],"author":"Yunus H. Parlar","twitter_card":"summary_large_image","twitter_misc":{"Yazan:":"Yunus H. Parlar","Tahmini okuma s\u00fcresi":"1 dakika"},"schema":{"@context":"https:\/\/schema.org","@graph":[{"@type":"Article","@id":"https:\/\/www.evdentasarim.net\/blog\/2024-vektorel-turkce-takvimler\/#article","isPartOf":{"@id":"https:\/\/www.evdentasarim.net\/blog\/2024-vektorel-turkce-takvimler\/"},"author":{"name":"Yunus H. Parlar","@id":"https:\/\/www.evdentasarim.net\/blog\/#\/schema\/person\/bff08a4374744b02fb528b08a9b0bb2e"},"headline":"2024 Vekt\u00f6rel T\u00fcrk\u00e7e Takvimler","datePublished":"2023-11-12T21:01:47+00:00","dateModified":"2023-11-12T21:03:47+00:00","mainEntityOfPage":{"@id":"https:\/\/www.evdentasarim.net\/blog\/2024-vektorel-turkce-takvimler\/"},"wordCount":133,"commentCount":0,"publisher":{"@id":"https:\/\/www.evdentasarim.net\/blog\/#organization"},"image":{"@id":"https:\/\/www.evdentasarim.net\/blog\/2024-vektorel-turkce-takvimler\/#primaryimage"},"thumbnailUrl":"https:\/\/www.evdentasarim.net\/blog\/wp-content\/uploads\/2023\/11\/2024-vektorel-turkce-takvimler.webp","articleSection":["Grafik Tasar\u0131m"],"inLanguage":"tr","potentialAction":[{"@type":"CommentAction","name":"Comment","target":["https:\/\/www.evdentasarim.net\/blog\/2024-vektorel-turkce-takvimler\/#respond"]}]},{"@type":"WebPage","@id":"https:\/\/www.evdentasarim.net\/blog\/2024-vektorel-turkce-takvimler\/","url":"https:\/\/www.evdentasarim.net\/blog\/2024-vektorel-turkce-takvimler\/","name":"2024 Vekt\u00f6rel T\u00fcrk\u00e7e Takvimler | Grafik &amp; Web Tasar\u0131m Blog","isPartOf":{"@id":"https:\/\/www.evdentasarim.net\/blog\/#website"},"primaryImageOfPage":{"@id":"https:\/\/www.evdentasarim.net\/blog\/2024-vektorel-turkce-takvimler\/#primaryimage"},"image":{"@id":"https:\/\/www.evdentasarim.net\/blog\/2024-vektorel-turkce-takvimler\/#primaryimage"},"thumbnailUrl":"https:\/\/www.evdentasarim.net\/blog\/wp-content\/uploads\/2023\/11\/2024-vektorel-turkce-takvimler.webp","datePublished":"2023-11-12T21:01:47+00:00","dateModified":"2023-11-12T21:03:47+00:00","description":"2024 y\u0131l\u0131na ait T\u00fcrk\u00e7e ve vekt\u00f6rel pdf format\u0131nda haz\u0131rlanan takvimleri tasar\u0131mlar\u0131n\u0131zda yer vermek i\u00e7in indirin ve kullan\u0131n.","breadcrumb":{"@id":"https:\/\/www.evdentasarim.net\/blog\/2024-vektorel-turkce-takvimler\/#breadcrumb"},"inLanguage":"tr","potentialAction":[{"@type":"ReadAction","target":["https:\/\/www.evdentasarim.net\/blog\/2024-vektorel-turkce-takvimler\/"]}]},{"@type":"ImageObject","inLanguage":"tr","@id":"https:\/\/www.evdentasarim.net\/blog\/2024-vektorel-turkce-takvimler\/#primaryimage","url":"https:\/\/www.evdentasarim.net\/blog\/wp-content\/uploads\/2023\/11\/2024-vektorel-turkce-takvimler.webp","contentUrl":"https:\/\/www.evdentasarim.net\/blog\/wp-content\/uploads\/2023\/11\/2024-vektorel-turkce-takvimler.webp","width":860,"height":550,"caption":"2024 Vekt\u00f6rel T\u00fcrk\u00e7e Takvimler"},{"@type":"BreadcrumbList","@id":"https:\/\/www.evdentasarim.net\/blog\/2024-vektorel-turkce-takvimler\/#breadcrumb","itemListElement":[{"@type":"ListItem","position":1,"name":"Anasayfa","item":"https:\/\/www.evdentasarim.net\/blog\/"},{"@type":"ListItem","position":2,"name":"2024 Vekt\u00f6rel T\u00fcrk\u00e7e Takvimler"}]},{"@type":"WebSite","@id":"https:\/\/www.evdentasarim.net\/blog\/#website","url":"https:\/\/www.evdentasarim.net\/blog\/","name":"Grafik &amp; Web Tasar\u0131m Blog","description":"","publisher":{"@id":"https:\/\/www.evdentasarim.net\/blog\/#organization"},"potentialAction":[{"@type":"SearchAction","target":{"@type":"EntryPoint","urlTemplate":"https:\/\/www.evdentasarim.net\/blog\/?s={search_term_string}"},"query-input":{"@type":"PropertyValueSpecification","valueRequired":true,"valueName":"search_term_string"}}],"inLanguage":"tr"},{"@type":"Organization","@id":"https:\/\/www.evdentasarim.net\/blog\/#organization","name":"Evden Freelance Grafik \/ Web Tasar\u0131m","url":"https:\/\/www.evdentasarim.net\/blog\/","logo":{"@type":"ImageObject","inLanguage":"tr","@id":"https:\/\/www.evdentasarim.net\/blog\/#\/schema\/logo\/image\/","url":"https:\/\/www.evdentasarim.net\/blog\/wp-content\/uploads\/2022\/01\/evden-logo.png","contentUrl":"https:\/\/www.evdentasarim.net\/blog\/wp-content\/uploads\/2022\/01\/evden-logo.png","width":550,"height":550,"caption":"Evden Freelance Grafik \/ Web Tasar\u0131m"},"image":{"@id":"https:\/\/www.evdentasarim.net\/blog\/#\/schema\/logo\/image\/"}},{"@type":"Person","@id":"https:\/\/www.evdentasarim.net\/blog\/#\/schema\/person\/bff08a4374744b02fb528b08a9b0bb2e","name":"Yunus H. Parlar","image":{"@type":"ImageObject","inLanguage":"tr","@id":"https:\/\/secure.gravatar.com\/avatar\/1a41a91e3a7cd353c1d194863bb0d42038c94cc591d33787719ad45e902ba4dc?s=96&d=mm&r=g","url":"https:\/\/secure.gravatar.com\/avatar\/1a41a91e3a7cd353c1d194863bb0d42038c94cc591d33787719ad45e902ba4dc?s=96&d=mm&r=g","contentUrl":"https:\/\/secure.gravatar.com\/avatar\/1a41a91e3a7cd353c1d194863bb0d42038c94cc591d33787719ad45e902ba4dc?s=96&d=mm&r=g","caption":"Yunus H. Parlar"},"sameAs":["https:\/\/www.evdentasarim.net\/blog"],"url":"https:\/\/www.evdentasarim.net\/blog\/author\/admin\/"}]}},"_links":{"self":[{"href":"https:\/\/www.evdentasarim.net\/blog\/wp-json\/wp\/v2\/posts\/1069","targetHints":{"allow":["GET"]}}],"collection":[{"href":"https:\/\/www.evdentasarim.net\/blog\/wp-json\/wp\/v2\/posts"}],"about":[{"href":"https:\/\/www.evdentasarim.net\/blog\/wp-json\/wp\/v2\/types\/post"}],"author":[{"embeddable":true,"href":"https:\/\/www.evdentasarim.net\/blog\/wp-json\/wp\/v2\/users\/1"}],"replies":[{"embeddable":true,"href":"https:\/\/www.evdentasarim.net\/blog\/wp-json\/wp\/v2\/comments?post=1069"}],"version-history":[{"count":4,"href":"https:\/\/www.evdentasarim.net\/blog\/wp-json\/wp\/v2\/posts\/1069\/revisions"}],"predecessor-version":[{"id":1081,"href":"https:\/\/www.evdentasarim.net\/blog\/wp-json\/wp\/v2\/posts\/1069\/revisions\/1081"}],"wp:featuredmedia":[{"embeddable":true,"href":"https:\/\/www.evdentasarim.net\/blog\/wp-json\/wp\/v2\/media\/1077"}],"wp:attachment":[{"href":"https:\/\/www.evdentasarim.net\/blog\/wp-json\/wp\/v2\/media?parent=1069"}],"wp:term":[{"taxonomy":"category","embeddable":true,"href":"https:\/\/www.evdentasarim.net\/blog\/wp-json\/wp\/v2\/categories?post=1069"},{"taxonomy":"post_tag","embeddable":true,"href":"https:\/\/www.evdentasarim.net\/blog\/wp-json\/wp\/v2\/tags?post=1069"}],"curies":[{"name":"wp","href":"https:\/\/api.w.org\/{rel}","templated":true}]}}